{"id":6118,"date":"2020-04-20T16:09:14","date_gmt":"2020-04-20T19:09:14","guid":{"rendered":"https:\/\/www.interculturalted.com.br\/noticias\/?p=6118"},"modified":"2020-04-20T16:13:50","modified_gmt":"2020-04-20T19:13:50","slug":"entrevista-lideranca-para-o-3o-milenio","status":"publish","type":"post","link":"https:\/\/www.interculturalted.com.br\/noticias\/2020\/04\/20\/entrevista-lideranca-para-o-3o-milenio\/","title":{"rendered":"Entrevista: Lideran\u00e7a para o 3\u00ba mil\u00eanio"},"content":{"rendered":"\n<p>Mesmo com cortes proporcionados pela crise econ\u00f4mica, as companhias que querem manter ou conquistar um espa\u00e7o de destaque no mercado precisam seguir investindo no treinamento de seu quadro de colaboradores. Com vasta experi\u00eancia na \u00e1rea, a Ken Blanchard Companies, lan\u00e7ou recentemente o seu programa SLX (sigla para o curso Lideran\u00e7a Situacional II Experience).<\/p>\n\n\n\n<p>O novo modelo \u00e9 uma atualiza\u00e7\u00e3o do treinamento SLII (Lideran\u00e7a Situacional II), que j\u00e1 foi aplicado no Pa\u00eds em mais de 600 empresas, abrangendo mais de 55 mil gestores e executivos, com resultados comprovados. No mundo todo, o m\u00e9todo desenvolvido pelo Dr. Ken Blanchard e seus associados h\u00e1 35 anos alcan\u00e7ou mais de 14 milh\u00f5es de participantes.<\/p>\n\n\n\n<p>Nascido na Su\u00ed\u00e7a e radicado no Brasil desde 1946, o professor Peter Barth preside a Intercultural h\u00e1 mais de quatro d\u00e9cadas. A empresa &#8211; especializada em transfer\u00eancia de tecnologia gerencial, na realiza\u00e7\u00e3o de treinamentos, simp\u00f3sios e eventos de alto n\u00edvel e na edi\u00e7\u00e3o de livros t\u00e9cnicos, v\u00eddeos de treinamento e materiais educacionais &#8211; \u00e9 representante exclusiva, no Brasil, das Ken Blanchard Companies.<\/p>\n\n\n\n<p>O programa SLX j\u00e1 est\u00e1 sendo aplicado no Brasil em algumas grandes empresas multinacionais. Em entrevista \u00e0 Gest\u00e3o RH, Peter Barth falou sobre os impactos que este lan\u00e7amento trar\u00e1 ao mercado de treinamentos.<\/p>\n\n\n\n<h4 class=\"wp-block-heading\">GEST\u00c3O RH &#8211; Lideran\u00e7a Situacional \u00e9 um dos conceitos mais antigos no mercado. H\u00e1 alguma novidade?<\/h4>\n\n\n\n<p><strong>Peter Barth<\/strong> &#8211; De fato, a SLII, que foi desenvolvida pelo Dr. Ken Blanchard e seus associados h\u00e1 35 anos, j\u00e1 representava na \u00e9poca uma grande inova\u00e7\u00e3o em rela\u00e7\u00e3o ao modelo antigo da Lideran\u00e7a Situacional. Apesar de ser o modelo de desenvolvimento de l\u00edderes mais adotado no mundo, com mais de 14 milh\u00f5es de participantes, e indo de encontro ao prov\u00e9rbio que diz que \u201cn\u00e3o se mexe em time que est\u00e1 ganhando\u201d, a Blanchard e seus parceiros ao redor do globo investiram mais de cinco milh\u00f5es de d\u00f3lares para criar o melhor, mais atual e mais eficaz programa de desenvolvimento de lideran\u00e7as dispon\u00edvel em \u00e2mbito mundial. Esta nova vers\u00e3o, conhecida como SLX, acaba de ser lan\u00e7ada no Brasil, j\u00e1 tendo sido conduzidos treinamentos para tr\u00eas grandes empresas multinacionais.<\/p>\n\n\n\n<h4 class=\"wp-block-heading\">GEST\u00c3O RH &#8211; O que a SLX traz de novo? Mudou algo no conceito b\u00e1sico?<\/h4>\n\n\n\n<p><strong>Peter Barth<\/strong> &#8211; O conceito b\u00e1sico permanece o mesmo: os l\u00edderes precisam primeiramente diagnosticar as necessidades dos colaboradores e, a seguir, utilizar o estilo de lideran\u00e7a apropriado para criar condi\u00e7\u00f5es de sucesso para cada colaborador, propiciando que este atinja os objetivos estabelecidos, melhore continuamente seu desempenho e, ao mesmo tempo, aumente seu engajamento, fortale\u00e7a sua motiva\u00e7\u00e3o e autoconfian\u00e7a e sua habilidade de atuar de modo cada vez mais independente e autossuficiente. O projeto de aprendizagem da SLX utiliza tecnologias inovadoras baseadas na neuroci\u00eancia e nas mais modernas t\u00e9cnicas de aprendizagem acelerada, que propiciam aos participantes uma imers\u00e3o total e profunda na SLII de forma r\u00e1pida e eficaz. Desde os primeiros dez minutos do treinamento, os participantes j\u00e1 est\u00e3o envolvidos em atividades que os fazem refletir sobre seu papel como l\u00edderes e perceber como seu comportamento impacta seus colaboradores. Na verdade, o processo de aprendizagem come\u00e7a tr\u00eas a quatro semanas antes do treinamento, quando os participantes preenchem question\u00e1rios de pr\u00e9-avalia\u00e7\u00e3o, planilhas de objetivos e question\u00e1rios de avalia\u00e7\u00e3o de estilos de lideran\u00e7a. Estas ferramentas s\u00e3o complementadas por recursos de p\u00f3s-avalia\u00e7\u00e3o e acompanhamento p\u00f3s-treinamento que asseguram a manuten\u00e7\u00e3o de comportamentos mais eficazes de lideran\u00e7a muito tempo depois do treinamento.<\/p>\n\n\n\n<h4 class=\"wp-block-heading\">GEST\u00c3O RH &#8211; Como funciona o treinamento? O que ele traz que \u00e9 realmente inovador?<\/h4>\n\n\n\n<p><strong>Peter Barth<\/strong> &#8211; Al\u00e9m das ferramentas de pr\u00e9 e p\u00f3s-avalia\u00e7\u00e3o, foram introduzidas breves situa\u00e7\u00f5es de aprendizagem em ritmo acelerado, utilizando problemas reais de trabalho que prendem a aten\u00e7\u00e3o dos participantes. O resultado \u00e9 uma aprendizagem acelerada que permite aos participantes come\u00e7arem a utilizar a SLII mais rapidamente do que em qualquer treinamento anterior. Al\u00e9m disso, a SLX traz 25 novos v\u00eddeos de alto impacto emocional, com elenco de Hollywood, que atraem os participantes e os envolvem nos desafios enfrentados pelos personagens, ajudando, desta forma, a associar o conte\u00fado do programa \u00e0 pr\u00e1tica do dia a dia de trabalho. Os v\u00eddeos ilustram intera\u00e7\u00f5es eficazes entre pares e cen\u00e1rios de \u201cadequa\u00e7\u00e3o \/ inadequa\u00e7\u00e3o\u201d com v\u00e1rios tipos de gerentes. Atrav\u00e9s deste recurso altamente din\u00e2mico, ficam evidenciados os benef\u00edcios da utiliza\u00e7\u00e3o das ferramentas da SLII, bem como as implica\u00e7\u00f5es negativas de sua n\u00e3o utiliza\u00e7\u00e3o. Como consequ\u00eancia dos recursos tecnol\u00f3gicos e instrucionais utilizados, os participantes s\u00e3o levados ao limiar de sua zona de conforto ao atuarem em atividades desafiadoras que requerem demonstrar familiaridade com o conte\u00fado da SLII e ensinam como integrar o material aprendido com o estilo de lideran\u00e7a de cada um e como aplic\u00e1-lo a situa\u00e7\u00f5es reais de trabalho.<\/p>\n\n\n\n<h4 class=\"wp-block-heading\">GEST\u00c3O RH &#8211; E depois do treinamento, existem ferramentas que facilitam a aplica\u00e7\u00e3o pr\u00e1tica e a integra\u00e7\u00e3o dos conceitos e t\u00e9cnicas a situa\u00e7\u00f5es do dia a dia da empresa?<\/h4>\n\n\n\n<p><strong>Peter Barth<\/strong> &#8211; \u00c9 exatamente nisto que reside um dos principais diferenciais da SLX. Durante o treinamento, os participantes recebem um kit completo de ferramentas para compartilhar o aprendizado com seus colaboradores diretos e para assegurar a sustentabilidade das habilidades adquiridas e sua aplica\u00e7\u00e3o permanente na pr\u00e1tica. Os participantes recebem Roteiros para a Aplica\u00e7\u00e3o dos Estilos de Lideran\u00e7a, Sugest\u00f5es para Iniciar Conversas, o Teste de Qualifica\u00e7\u00e3o da SLII (vers\u00f5es Auto e Outro), Planilhas de Objetivos, Planilhas da SLII, Planilhas de Conversas Face a Face, al\u00e9m do novo Desafio da SLII, com 12 m\u00f3dulos, para refor\u00e7ar o aprendizado, promover o compartilhamento e refor\u00e7ar a aplica\u00e7\u00e3o pr\u00e1tica dos conceitos e ferramentas. Tudo isso foi desenvolvido para promover a sustentabilidade e aumentar o Retorno sobre o Investimento (ROI) das empresas clientes. Al\u00e9m disso, a partir de outubro de 2016 estar\u00e1 dispon\u00edvel tamb\u00e9m em Portugu\u00eas o aplicativo da SLII para smartphones e tablets, que possibilita o diagn\u00f3stico e o processo de coaching em tempo real.<\/p>\n\n\n\n<h4 class=\"wp-block-heading\">Gest\u00e3o RH &#8211; H\u00e1 mais alguma novidade?<\/h4>\n\n\n\n<p><strong>Peter Barth<\/strong> &#8211; SLX \u00e9 um programa em constante evolu\u00e7\u00e3o. Brevemente, teremos acesso ao Portal da Blanchard em Portugu\u00eas e o lan\u00e7amento de vers\u00f5es virtuais ou blended de SLX para maior conveni\u00eancia dos nossos clientes. Vale dizer que a Blanchard n\u00e3o poupou esfor\u00e7os para fazer do melhor e mais utilizado programa de desenvolvimento de l\u00edderes do mundo tamb\u00e9m o mais moderno e eficaz em termos de recursos instrucionais baseados em aprendizagem acelerada e neuroci\u00eancia. Dispomos de Impact Studies que comprovam a efic\u00e1cia da SLII na redu\u00e7\u00e3o do turnover e do absente\u00edsmo, no aumento das vendas, da lucratividade e da satisfa\u00e7\u00e3o de colaboradores e clientes que est\u00e3o dispon\u00edveis, sem qualquer \u00f4nus, para os clientes interessados.<\/p>\n","protected":false},"excerpt":{"rendered":"<p>Mesmo com cortes proporcionados pela crise econ\u00f4mica, as companhias que querem manter ou conquistar um espa\u00e7o de destaque no mercado precisam seguir investindo no treinamento de seu quadro de colaboradores&#8230;.<\/p>\n","protected":false},"author":1,"featured_media":6119,"comment_status":"closed","ping_status":"open","sticky":false,"template":"","format":"standard","meta":{"footnotes":""},"categories":[3],"tags":[],"class_list":{"0":"post-6118","1":"post","2":"type-post","3":"status-publish","4":"format-standard","5":"has-post-thumbnail","7":"category-entrevistas"},"yoast_head":"<!-- This site is optimized with the Yoast SEO plugin v20.11 - https:\/\/yoast.com\/wordpress\/plugins\/seo\/ -->\n<title>Entrevista: Lideran\u00e7a para o 3\u00ba mil\u00eanio | Intercultural<\/title>\n<meta name=\"robots\" content=\"index, follow, max-snippet:-1, max-image-preview:large, max-video-preview:-1\" \/>\n<link rel=\"canonical\" href=\"https:\/\/www.interculturalted.com.br\/noticias\/2020\/04\/20\/entrevista-lideranca-para-o-3o-milenio\/\" \/>\n<meta property=\"og:locale\" content=\"pt_BR\" \/>\n<meta property=\"og:type\" content=\"article\" \/>\n<meta property=\"og:title\" content=\"Entrevista: Lideran\u00e7a para o 3\u00ba mil\u00eanio | Intercultural\" \/>\n<meta property=\"og:description\" content=\"Mesmo com cortes proporcionados pela crise econ\u00f4mica, as companhias que querem manter ou conquistar um espa\u00e7o de destaque no mercado precisam seguir investindo no treinamento de seu quadro de colaboradores....\" \/>\n<meta property=\"og:url\" content=\"https:\/\/www.interculturalted.com.br\/noticias\/2020\/04\/20\/entrevista-lideranca-para-o-3o-milenio\/\" \/>\n<meta property=\"og:site_name\" content=\"Intercultural\" \/>\n<meta property=\"article:published_time\" content=\"2020-04-20T19:09:14+00:00\" \/>\n<meta property=\"article:modified_time\" content=\"2020-04-20T19:13:50+00:00\" \/>\n<meta property=\"og:image\" content=\"https:\/\/www.interculturalted.com.br\/wp_site\/wp-content\/uploads\/2020\/04\/post-lideranca3milenio.jpg\" \/>\n\t<meta property=\"og:image:width\" content=\"1920\" \/>\n\t<meta property=\"og:image:height\" content=\"1080\" \/>\n\t<meta property=\"og:image:type\" content=\"image\/jpeg\" \/>\n<meta name=\"author\" content=\"Peter Barth\" \/>\n<meta name=\"twitter:card\" content=\"summary_large_image\" \/>\n<meta name=\"twitter:label1\" content=\"Escrito por\" \/>\n\t<meta name=\"twitter:data1\" content=\"Peter Barth\" \/>\n\t<meta name=\"twitter:label2\" content=\"Est. tempo de leitura\" \/>\n\t<meta name=\"twitter:data2\" content=\"6 minutos\" \/>\n<script type=\"application\/ld+json\" class=\"yoast-schema-graph\">{\"@context\":\"https:\/\/schema.org\",\"@graph\":[{\"@type\":\"Article\",\"@id\":\"https:\/\/www.interculturalted.com.br\/noticias\/2020\/04\/20\/entrevista-lideranca-para-o-3o-milenio\/#article\",\"isPartOf\":{\"@id\":\"https:\/\/www.interculturalted.com.br\/noticias\/2020\/04\/20\/entrevista-lideranca-para-o-3o-milenio\/\"},\"author\":{\"name\":\"Peter Barth\",\"@id\":\"https:\/\/www.interculturalted.com.br\/noticias\/#\/schema\/person\/c1543e1f5f8422e084f04eebfb768019\"},\"headline\":\"Entrevista: Lideran\u00e7a para o 3\u00ba mil\u00eanio\",\"datePublished\":\"2020-04-20T19:09:14+00:00\",\"dateModified\":\"2020-04-20T19:13:50+00:00\",\"mainEntityOfPage\":{\"@id\":\"https:\/\/www.interculturalted.com.br\/noticias\/2020\/04\/20\/entrevista-lideranca-para-o-3o-milenio\/\"},\"wordCount\":1208,\"publisher\":{\"@id\":\"https:\/\/www.interculturalted.com.br\/noticias\/#organization\"},\"articleSection\":[\"Entrevistas\"],\"inLanguage\":\"pt-BR\"},{\"@type\":\"WebPage\",\"@id\":\"https:\/\/www.interculturalted.com.br\/noticias\/2020\/04\/20\/entrevista-lideranca-para-o-3o-milenio\/\",\"url\":\"https:\/\/www.interculturalted.com.br\/noticias\/2020\/04\/20\/entrevista-lideranca-para-o-3o-milenio\/\",\"name\":\"Entrevista: Lideran\u00e7a para o 3\u00ba mil\u00eanio | Intercultural\",\"isPartOf\":{\"@id\":\"https:\/\/www.interculturalted.com.br\/noticias\/#website\"},\"datePublished\":\"2020-04-20T19:09:14+00:00\",\"dateModified\":\"2020-04-20T19:13:50+00:00\",\"breadcrumb\":{\"@id\":\"https:\/\/www.interculturalted.com.br\/noticias\/2020\/04\/20\/entrevista-lideranca-para-o-3o-milenio\/#breadcrumb\"},\"inLanguage\":\"pt-BR\",\"potentialAction\":[{\"@type\":\"ReadAction\",\"target\":[\"https:\/\/www.interculturalted.com.br\/noticias\/2020\/04\/20\/entrevista-lideranca-para-o-3o-milenio\/\"]}]},{\"@type\":\"BreadcrumbList\",\"@id\":\"https:\/\/www.interculturalted.com.br\/noticias\/2020\/04\/20\/entrevista-lideranca-para-o-3o-milenio\/#breadcrumb\",\"itemListElement\":[{\"@type\":\"ListItem\",\"position\":1,\"name\":\"In\u00edcio\",\"item\":\"https:\/\/www.interculturalted.com.br\/noticias\/\"},{\"@type\":\"ListItem\",\"position\":2,\"name\":\"Entrevista: Lideran\u00e7a para o 3\u00ba mil\u00eanio\"}]},{\"@type\":\"WebSite\",\"@id\":\"https:\/\/www.interculturalted.com.br\/noticias\/#website\",\"url\":\"https:\/\/www.interculturalted.com.br\/noticias\/\",\"name\":\"Intercultural\",\"description\":\"\",\"publisher\":{\"@id\":\"https:\/\/www.interculturalted.com.br\/noticias\/#organization\"},\"potentialAction\":[{\"@type\":\"SearchAction\",\"target\":{\"@type\":\"EntryPoint\",\"urlTemplate\":\"https:\/\/www.interculturalted.com.br\/noticias\/?s={search_term_string}\"},\"query-input\":\"required name=search_term_string\"}],\"inLanguage\":\"pt-BR\"},{\"@type\":\"Organization\",\"@id\":\"https:\/\/www.interculturalted.com.br\/noticias\/#organization\",\"name\":\"Intercultural\",\"url\":\"https:\/\/www.interculturalted.com.br\/noticias\/\",\"logo\":{\"@type\":\"ImageObject\",\"inLanguage\":\"pt-BR\",\"@id\":\"https:\/\/www.interculturalted.com.br\/noticias\/#\/schema\/logo\/image\/\",\"url\":\"https:\/\/www.interculturalted.com.br\/wp_site\/wp-content\/uploads\/2020\/04\/logo-intercultural@2x.png\",\"contentUrl\":\"https:\/\/www.interculturalted.com.br\/wp_site\/wp-content\/uploads\/2020\/04\/logo-intercultural@2x.png\",\"width\":210,\"height\":48,\"caption\":\"Intercultural\"},\"image\":{\"@id\":\"https:\/\/www.interculturalted.com.br\/noticias\/#\/schema\/logo\/image\/\"}},{\"@type\":\"Person\",\"@id\":\"https:\/\/www.interculturalted.com.br\/noticias\/#\/schema\/person\/c1543e1f5f8422e084f04eebfb768019\",\"name\":\"Peter Barth\",\"image\":{\"@type\":\"ImageObject\",\"inLanguage\":\"pt-BR\",\"@id\":\"https:\/\/www.interculturalted.com.br\/noticias\/#\/schema\/person\/image\/\",\"url\":\"https:\/\/www.interculturalted.com.br\/wp_site\/wp-content\/uploads\/2020\/04\/peter-barth-100x100.jpg\",\"contentUrl\":\"https:\/\/www.interculturalted.com.br\/wp_site\/wp-content\/uploads\/2020\/04\/peter-barth-100x100.jpg\",\"caption\":\"Peter Barth\"},\"description\":\"Peter Barth \u00e9 psic\u00f3logo organizacional, Master of Science in Management. Foi professor da EAESP-FGV e da FGV-RJ, totalizando 13 anos de ensino acad\u00eamico. Nasceu na Sui\u00e7a e reside no Brasil desde 1946. Atua h\u00e1 55 anos em consultoria organizacional, treinamento e educa\u00e7\u00e3o corporativa.\"}]}<\/script>\n<!-- \/ Yoast SEO plugin. -->","yoast_head_json":{"title":"Entrevista: Lideran\u00e7a para o 3\u00ba mil\u00eanio | Intercultural","robots":{"index":"index","follow":"follow","max-snippet":"max-snippet:-1","max-image-preview":"max-image-preview:large","max-video-preview":"max-video-preview:-1"},"canonical":"https:\/\/www.interculturalted.com.br\/noticias\/2020\/04\/20\/entrevista-lideranca-para-o-3o-milenio\/","og_locale":"pt_BR","og_type":"article","og_title":"Entrevista: Lideran\u00e7a para o 3\u00ba mil\u00eanio | Intercultural","og_description":"Mesmo com cortes proporcionados pela crise econ\u00f4mica, as companhias que querem manter ou conquistar um espa\u00e7o de destaque no mercado precisam seguir investindo no treinamento de seu quadro de colaboradores....","og_url":"https:\/\/www.interculturalted.com.br\/noticias\/2020\/04\/20\/entrevista-lideranca-para-o-3o-milenio\/","og_site_name":"Intercultural","article_published_time":"2020-04-20T19:09:14+00:00","article_modified_time":"2020-04-20T19:13:50+00:00","og_image":[{"width":1920,"height":1080,"url":"https:\/\/www.interculturalted.com.br\/wp_site\/wp-content\/uploads\/2020\/04\/post-lideranca3milenio.jpg","type":"image\/jpeg"}],"author":"Peter Barth","twitter_card":"summary_large_image","twitter_misc":{"Escrito por":"Peter Barth","Est. tempo de leitura":"6 minutos"},"schema":{"@context":"https:\/\/schema.org","@graph":[{"@type":"Article","@id":"https:\/\/www.interculturalted.com.br\/noticias\/2020\/04\/20\/entrevista-lideranca-para-o-3o-milenio\/#article","isPartOf":{"@id":"https:\/\/www.interculturalted.com.br\/noticias\/2020\/04\/20\/entrevista-lideranca-para-o-3o-milenio\/"},"author":{"name":"Peter Barth","@id":"https:\/\/www.interculturalted.com.br\/noticias\/#\/schema\/person\/c1543e1f5f8422e084f04eebfb768019"},"headline":"Entrevista: Lideran\u00e7a para o 3\u00ba mil\u00eanio","datePublished":"2020-04-20T19:09:14+00:00","dateModified":"2020-04-20T19:13:50+00:00","mainEntityOfPage":{"@id":"https:\/\/www.interculturalted.com.br\/noticias\/2020\/04\/20\/entrevista-lideranca-para-o-3o-milenio\/"},"wordCount":1208,"publisher":{"@id":"https:\/\/www.interculturalted.com.br\/noticias\/#organization"},"articleSection":["Entrevistas"],"inLanguage":"pt-BR"},{"@type":"WebPage","@id":"https:\/\/www.interculturalted.com.br\/noticias\/2020\/04\/20\/entrevista-lideranca-para-o-3o-milenio\/","url":"https:\/\/www.interculturalted.com.br\/noticias\/2020\/04\/20\/entrevista-lideranca-para-o-3o-milenio\/","name":"Entrevista: Lideran\u00e7a para o 3\u00ba mil\u00eanio | Intercultural","isPartOf":{"@id":"https:\/\/www.interculturalted.com.br\/noticias\/#website"},"datePublished":"2020-04-20T19:09:14+00:00","dateModified":"2020-04-20T19:13:50+00:00","breadcrumb":{"@id":"https:\/\/www.interculturalted.com.br\/noticias\/2020\/04\/20\/entrevista-lideranca-para-o-3o-milenio\/#breadcrumb"},"inLanguage":"pt-BR","potentialAction":[{"@type":"ReadAction","target":["https:\/\/www.interculturalted.com.br\/noticias\/2020\/04\/20\/entrevista-lideranca-para-o-3o-milenio\/"]}]},{"@type":"BreadcrumbList","@id":"https:\/\/www.interculturalted.com.br\/noticias\/2020\/04\/20\/entrevista-lideranca-para-o-3o-milenio\/#breadcrumb","itemListElement":[{"@type":"ListItem","position":1,"name":"In\u00edcio","item":"https:\/\/www.interculturalted.com.br\/noticias\/"},{"@type":"ListItem","position":2,"name":"Entrevista: Lideran\u00e7a para o 3\u00ba mil\u00eanio"}]},{"@type":"WebSite","@id":"https:\/\/www.interculturalted.com.br\/noticias\/#website","url":"https:\/\/www.interculturalted.com.br\/noticias\/","name":"Intercultural","description":"","publisher":{"@id":"https:\/\/www.interculturalted.com.br\/noticias\/#organization"},"potentialAction":[{"@type":"SearchAction","target":{"@type":"EntryPoint","urlTemplate":"https:\/\/www.interculturalted.com.br\/noticias\/?s={search_term_string}"},"query-input":"required name=search_term_string"}],"inLanguage":"pt-BR"},{"@type":"Organization","@id":"https:\/\/www.interculturalted.com.br\/noticias\/#organization","name":"Intercultural","url":"https:\/\/www.interculturalted.com.br\/noticias\/","logo":{"@type":"ImageObject","inLanguage":"pt-BR","@id":"https:\/\/www.interculturalted.com.br\/noticias\/#\/schema\/logo\/image\/","url":"https:\/\/www.interculturalted.com.br\/wp_site\/wp-content\/uploads\/2020\/04\/logo-intercultural@2x.png","contentUrl":"https:\/\/www.interculturalted.com.br\/wp_site\/wp-content\/uploads\/2020\/04\/logo-intercultural@2x.png","width":210,"height":48,"caption":"Intercultural"},"image":{"@id":"https:\/\/www.interculturalted.com.br\/noticias\/#\/schema\/logo\/image\/"}},{"@type":"Person","@id":"https:\/\/www.interculturalted.com.br\/noticias\/#\/schema\/person\/c1543e1f5f8422e084f04eebfb768019","name":"Peter Barth","image":{"@type":"ImageObject","inLanguage":"pt-BR","@id":"https:\/\/www.interculturalted.com.br\/noticias\/#\/schema\/person\/image\/","url":"https:\/\/www.interculturalted.com.br\/wp_site\/wp-content\/uploads\/2020\/04\/peter-barth-100x100.jpg","contentUrl":"https:\/\/www.interculturalted.com.br\/wp_site\/wp-content\/uploads\/2020\/04\/peter-barth-100x100.jpg","caption":"Peter Barth"},"description":"Peter Barth \u00e9 psic\u00f3logo organizacional, Master of Science in Management. Foi professor da EAESP-FGV e da FGV-RJ, totalizando 13 anos de ensino acad\u00eamico. Nasceu na Sui\u00e7a e reside no Brasil desde 1946. Atua h\u00e1 55 anos em consultoria organizacional, treinamento e educa\u00e7\u00e3o corporativa."}]}},"_links":{"self":[{"href":"https:\/\/www.interculturalted.com.br\/noticias\/wp-json\/wp\/v2\/posts\/6118"}],"collection":[{"href":"https:\/\/www.interculturalted.com.br\/noticias\/wp-json\/wp\/v2\/posts"}],"about":[{"href":"https:\/\/www.interculturalted.com.br\/noticias\/wp-json\/wp\/v2\/types\/post"}],"author":[{"embeddable":true,"href":"https:\/\/www.interculturalted.com.br\/noticias\/wp-json\/wp\/v2\/users\/1"}],"replies":[{"embeddable":true,"href":"https:\/\/www.interculturalted.com.br\/noticias\/wp-json\/wp\/v2\/comments?post=6118"}],"version-history":[{"count":1,"href":"https:\/\/www.interculturalted.com.br\/noticias\/wp-json\/wp\/v2\/posts\/6118\/revisions"}],"predecessor-version":[{"id":6120,"href":"https:\/\/www.interculturalted.com.br\/noticias\/wp-json\/wp\/v2\/posts\/6118\/revisions\/6120"}],"wp:featuredmedia":[{"embeddable":true,"href":"https:\/\/www.interculturalted.com.br\/noticias\/wp-json\/wp\/v2\/media\/6119"}],"wp:attachment":[{"href":"https:\/\/www.interculturalted.com.br\/noticias\/wp-json\/wp\/v2\/media?parent=6118"}],"wp:term":[{"taxonomy":"category","embeddable":true,"href":"https:\/\/www.interculturalted.com.br\/noticias\/wp-json\/wp\/v2\/categories?post=6118"},{"taxonomy":"post_tag","embeddable":true,"href":"https:\/\/www.interculturalted.com.br\/noticias\/wp-json\/wp\/v2\/tags?post=6118"}],"curies":[{"name":"wp","href":"https:\/\/api.w.org\/{rel}","templated":true}]}}